{"id":9267,"date":"2025-05-29T17:02:26","date_gmt":"2025-05-29T17:02:26","guid":{"rendered":"https:\/\/www.saamtowage.com\/chile\/?p=9267"},"modified":"2025-05-29T17:02:26","modified_gmt":"2025-05-29T17:02:26","slug":"alianza-saam-y-enap-primer-remolcador-electrico-de-latinoamerica-emprendio-su-viaje-hacia-chile","status":"publish","type":"post","link":"https:\/\/www.saamtowage.com\/chile\/blog\/2025\/05\/29\/alianza-saam-y-enap-primer-remolcador-electrico-de-latinoamerica-emprendio-su-viaje-hacia-chile\/?lang=es","title":{"rendered":"Alianza SAAM y Enap: Primer remolcador el\u00e9ctrico de Latinoam\u00e9rica emprendi\u00f3 su viaje hacia Chile"},"content":{"rendered":"[vc_row type=&#8221;in_container&#8221; full_screen_row_position=&#8221;middle&#8221; column_margin=&#8221;default&#8221; column_direction=&#8221;default&#8221; column_direction_tablet=&#8221;default&#8221; column_direction_phone=&#8221;default&#8221; scene_position=&#8221;center&#8221; text_color=&#8221;dark&#8221; text_align=&#8221;left&#8221; row_border_radius=&#8221;none&#8221; row_border_radius_applies=&#8221;bg&#8221; overflow=&#8221;visible&#8221; overlay_strength=&#8221;0.3&#8243; gradient_direction=&#8221;left_to_right&#8221; shape_divider_position=&#8221;bottom&#8221; bg_image_animation=&#8221;none&#8221;][vc_column column_padding=&#8221;no-extra-padding&#8221; column_padding_tablet=&#8221;inherit&#8221; column_padding_phone=&#8221;inherit&#8221; column_padding_position=&#8221;all&#8221; column_element_spacing=&#8221;default&#8221; background_color_opacity=&#8221;1&#8243; background_hover_color_opacity=&#8221;1&#8243; column_shadow=&#8221;none&#8221; column_border_radius=&#8221;none&#8221; column_link_target=&#8221;_self&#8221; column_position=&#8221;default&#8221; gradient_direction=&#8221;left_to_right&#8221; overlay_strength=&#8221;0.3&#8243; width=&#8221;1\/1&#8243; tablet_width_inherit=&#8221;default&#8221; tablet_text_alignment=&#8221;default&#8221; phone_text_alignment=&#8221;default&#8221; animation_type=&#8221;default&#8221; bg_image_animation=&#8221;none&#8221; border_type=&#8221;simple&#8221; column_border_width=&#8221;none&#8221; column_border_style=&#8221;solid&#8221;][vc_column_text]<!--more--><\/p>\n[\/vc_column_text][\/vc_column][\/vc_row][vc_row type=&#8221;in_container&#8221; full_screen_row_position=&#8221;middle&#8221; column_margin=&#8221;default&#8221; column_direction=&#8221;default&#8221; column_direction_tablet=&#8221;default&#8221; column_direction_phone=&#8221;default&#8221; scene_position=&#8221;center&#8221; text_color=&#8221;dark&#8221; text_align=&#8221;left&#8221; row_border_radius=&#8221;none&#8221; row_border_radius_applies=&#8221;bg&#8221; overflow=&#8221;visible&#8221; overlay_strength=&#8221;0.3&#8243; gradient_direction=&#8221;left_to_right&#8221; shape_divider_position=&#8221;bottom&#8221; bg_image_animation=&#8221;none&#8221;][vc_column column_padding=&#8221;no-extra-padding&#8221; column_padding_tablet=&#8221;inherit&#8221; column_padding_phone=&#8221;inherit&#8221; column_padding_position=&#8221;all&#8221; column_element_spacing=&#8221;default&#8221; background_color_opacity=&#8221;1&#8243; background_hover_color_opacity=&#8221;1&#8243; column_shadow=&#8221;none&#8221; column_border_radius=&#8221;none&#8221; column_link_target=&#8221;_self&#8221; column_position=&#8221;default&#8221; gradient_direction=&#8221;left_to_right&#8221; overlay_strength=&#8221;0.3&#8243; width=&#8221;1\/1&#8243; tablet_width_inherit=&#8221;default&#8221; tablet_text_alignment=&#8221;default&#8221; phone_text_alignment=&#8221;default&#8221; animation_type=&#8221;default&#8221; bg_image_animation=&#8221;none&#8221; border_type=&#8221;simple&#8221; column_border_width=&#8221;none&#8221; column_border_style=&#8221;solid&#8221;][vc_column_text]\n<div class=\"big-article__top\">\n<div class=\"big-article__top\">\n<div class=\"big-article__top\">\n<div class=\"big-article__top\">\n<p><strong>Turqu\u00eda, 29 de mayo 2025. \u00a0<\/strong>El primer remolcador el\u00e9ctrico de Latinoam\u00e9rica ya comenz\u00f3 su traves\u00eda hacia Chile, viaje que se extender\u00e1 por cerca de 45 d\u00edas desde Tuzla (Turqu\u00eda) hasta el terminal de Puerto Montt. Desde este punto, la nave se trasladar\u00e1 a Puerto Chacabuco (Regi\u00f3n de Ays\u00e9n) para iniciar un per\u00edodo de marcha blanca.<\/p>\n<p>\u201cNuestro remolcador el\u00e9ctrico esta cada d\u00eda m\u00e1s cerca. Se trata de la tercera unidad de este tipo en nuestra flota y la primera para Latinoam\u00e9rica, lo que tiene un simbolismo especial porque es un avance en nuestra estrategia hacia futuro: queremos crecer como aliados de nuestros clientes con operaciones cada vez m\u00e1s sostenibles\u201d, dijo el gerente de Sostenibilidad y Desarrollo de SAAM Towage, Pablo C\u00e1ceres.<\/p>\n<p>Por su parte, el gerente corporativo de Supply Chain de Enap, Mauricio Naveas, destac\u00f3 c\u00f3mo la embarcaci\u00f3n forma parte de la estrategia de desarrollo de la estatal: \u201ceste remolcador es uno de los caminos que estamos siguiendo para contribuir al resguardo del medio ambiente y la descarbonizaci\u00f3n del pa\u00eds, y se suma a la incorporaci\u00f3n de camiones a GNL, la primera producci\u00f3n de di\u00e9sel hecho con aceite usado de cocina y el desarrollo de infraestructura habilitantes para hidr\u00f3geno verde en Magallanes. Enap lleva 80 a\u00f1os siendo la energ\u00eda que mueve a Chile y este remolcador que apoyar\u00e1 nuestras operaciones en Puerto Chacabuco refleja nuestra mirada de futuro y c\u00f3mo estamos asumiendo los desaf\u00edos de la transici\u00f3n energ\u00e9tica\u201d.<\/p>\n<p>El remolcador cumpli\u00f3 satisfactoriamente sus \u00faltimas pruebas de mar y se embarc\u00f3 en el buque BBC Olympus, especialmente dise\u00f1ado para el transporte de carga pesada, pues cuentan con dos gr\u00faas con gran capacidad.<\/p>\n<p>La nave, de 25 metros de eslora (longitud) y 13 metros de manga (ancho), tiene una capacidad de tracci\u00f3n a punto fijo de m\u00e1s de 70 toneladas y prestar\u00e1 servicios de atraque y desatraque de embarcaciones. Gracias a sus bater\u00edas de iones de litio, es 100% el\u00e9ctrica y de cero emisiones, pues ser\u00e1 alimentada con energ\u00eda renovable.<\/p>\n<\/div>\n<\/div>\n<\/div>\n<\/div>\n[\/vc_column_text][\/vc_column][\/vc_row]\n","protected":false},"excerpt":{"rendered":"<p>El primer remolcador el\u00e9ctrico de Latinoam\u00e9rica ya comenz\u00f3 su traves\u00eda hacia Chile, viaje que se extender\u00e1 por cerca de 45 d\u00edas desde Tuzla (Turqu\u00eda) hasta el terminal de Puerto Montt. Desde este punto, la nave se trasladar\u00e1 a Puerto Chacabuco (Regi\u00f3n de Ays\u00e9n) para iniciar un per\u00edodo de marcha blanca.<\/p>\n","protected":false},"author":1,"featured_media":9268,"comment_status":"closed","ping_status":"closed","sticky":false,"template":"","format":"standard","meta":{"footnotes":""},"categories":[55],"tags":[],"class_list":{"0":"post-9267","1":"post","2":"type-post","3":"status-publish","4":"format-standard","5":"has-post-thumbnail","7":"category-chile-es"},"_links":{"self":[{"href":"https:\/\/www.saamtowage.com\/chile\/wp-json\/wp\/v2\/posts\/9267","targetHints":{"allow":["GET"]}}],"collection":[{"href":"https:\/\/www.saamtowage.com\/chile\/wp-json\/wp\/v2\/posts"}],"about":[{"href":"https:\/\/www.saamtowage.com\/chile\/wp-json\/wp\/v2\/types\/post"}],"author":[{"embeddable":true,"href":"https:\/\/www.saamtowage.com\/chile\/wp-json\/wp\/v2\/users\/1"}],"replies":[{"embeddable":true,"href":"https:\/\/www.saamtowage.com\/chile\/wp-json\/wp\/v2\/comments?post=9267"}],"version-history":[{"count":1,"href":"https:\/\/www.saamtowage.com\/chile\/wp-json\/wp\/v2\/posts\/9267\/revisions"}],"predecessor-version":[{"id":9271,"href":"https:\/\/www.saamtowage.com\/chile\/wp-json\/wp\/v2\/posts\/9267\/revisions\/9271"}],"wp:featuredmedia":[{"embeddable":true,"href":"https:\/\/www.saamtowage.com\/chile\/wp-json\/wp\/v2\/media\/9268"}],"wp:attachment":[{"href":"https:\/\/www.saamtowage.com\/chile\/wp-json\/wp\/v2\/media?parent=9267"}],"wp:term":[{"taxonomy":"category","embeddable":true,"href":"https:\/\/www.saamtowage.com\/chile\/wp-json\/wp\/v2\/categories?post=9267"},{"taxonomy":"post_tag","embeddable":true,"href":"https:\/\/www.saamtowage.com\/chile\/wp-json\/wp\/v2\/tags?post=9267"}],"curies":[{"name":"wp","href":"https:\/\/api.w.org\/{rel}","templated":true}]}}