{"id":9096,"date":"2026-08-17T15:46:47","date_gmt":"2026-08-17T15:46:47","guid":{"rendered":"https:\/\/www.saamtowage.com\/panama\/blog\/2026\/08\/17\/saam-towage-recognized-for-carbon-footprint-reduction-in-panama\/"},"modified":"2026-08-17T15:48:57","modified_gmt":"2026-08-17T15:48:57","slug":"a-saam-towage-e-reconhecida-pela-reducao-da-pegada-de-carbono-no-panama","status":"publish","type":"post","link":"https:\/\/www.saamtowage.com\/panama\/blog\/2026\/08\/17\/a-saam-towage-e-reconhecida-pela-reducao-da-pegada-de-carbono-no-panama\/?lang=pt-br","title":{"rendered":"A SAAM Towage \u00e9 reconhecida pela redu\u00e7\u00e3o  da pegada de carbono no Panam\u00e1"},"content":{"rendered":"[vc_row type=&#8221;in_container&#8221; full_screen_row_position=&#8221;middle&#8221; column_margin=&#8221;default&#8221; column_direction=&#8221;default&#8221; column_direction_tablet=&#8221;default&#8221; column_direction_phone=&#8221;default&#8221; scene_position=&#8221;center&#8221; text_color=&#8221;dark&#8221; text_align=&#8221;left&#8221; row_border_radius=&#8221;none&#8221; row_border_radius_applies=&#8221;bg&#8221; overflow=&#8221;visible&#8221; overlay_strength=&#8221;0.3&#8243; gradient_direction=&#8221;left_to_right&#8221; shape_divider_position=&#8221;bottom&#8221; bg_image_animation=&#8221;none&#8221;][vc_column column_padding=&#8221;no-extra-padding&#8221; column_padding_tablet=&#8221;inherit&#8221; column_padding_phone=&#8221;inherit&#8221; column_padding_position=&#8221;all&#8221; column_element_spacing=&#8221;default&#8221; background_color_opacity=&#8221;1&#8243; background_hover_color_opacity=&#8221;1&#8243; column_shadow=&#8221;none&#8221; column_border_radius=&#8221;none&#8221; column_link_target=&#8221;_self&#8221; column_position=&#8221;default&#8221; gradient_direction=&#8221;left_to_right&#8221; overlay_strength=&#8221;0.3&#8243; width=&#8221;1\/1&#8243; tablet_width_inherit=&#8221;default&#8221; tablet_text_alignment=&#8221;default&#8221; phone_text_alignment=&#8221;default&#8221; animation_type=&#8221;default&#8221; bg_image_animation=&#8221;none&#8221; border_type=&#8221;simple&#8221; column_border_width=&#8221;none&#8221; column_border_style=&#8221;solid&#8221;][vc_column_text]<!--more--><\/p>\n[\/vc_column_text][\/vc_column][\/vc_row][vc_row type=&#8221;in_container&#8221; full_screen_row_position=&#8221;middle&#8221; column_margin=&#8221;default&#8221; column_direction=&#8221;default&#8221; column_direction_tablet=&#8221;default&#8221; column_direction_phone=&#8221;default&#8221; scene_position=&#8221;center&#8221; text_color=&#8221;dark&#8221; text_align=&#8221;left&#8221; row_border_radius=&#8221;none&#8221; row_border_radius_applies=&#8221;bg&#8221; overflow=&#8221;visible&#8221; overlay_strength=&#8221;0.3&#8243; gradient_direction=&#8221;left_to_right&#8221; shape_divider_position=&#8221;bottom&#8221; bg_image_animation=&#8221;none&#8221;][vc_column column_padding=&#8221;no-extra-padding&#8221; column_padding_tablet=&#8221;inherit&#8221; column_padding_phone=&#8221;inherit&#8221; column_padding_position=&#8221;all&#8221; column_element_spacing=&#8221;default&#8221; background_color_opacity=&#8221;1&#8243; background_hover_color_opacity=&#8221;1&#8243; column_shadow=&#8221;none&#8221; column_border_radius=&#8221;none&#8221; column_link_target=&#8221;_self&#8221; column_position=&#8221;default&#8221; gradient_direction=&#8221;left_to_right&#8221; overlay_strength=&#8221;0.3&#8243; width=&#8221;1\/1&#8243; tablet_width_inherit=&#8221;default&#8221; tablet_text_alignment=&#8221;default&#8221; phone_text_alignment=&#8221;default&#8221; animation_type=&#8221;default&#8221; bg_image_animation=&#8221;none&#8221; border_type=&#8221;simple&#8221; column_border_width=&#8221;none&#8221; column_border_style=&#8221;solid&#8221;][vc_column_text]\n<blockquote><p><strong>O Minist\u00e9rio do Meio Ambiente do Panam\u00e1 reconheceu a empresa e destacou a lideran\u00e7a operacional e o comprometimento de suas equipes.<\/strong><\/p><\/blockquote>\n<p>&nbsp;<\/p>\n<p><strong>Panam\u00e1, agosto 2026. | <\/strong>A SAAM Towage recebeu o pr\u00eamio \u201cRedu\u00e7\u00e3o da Pegada de Carbono\u201d do Minist\u00e9rio do Meio Ambiente do Panam\u00e1 (N\u00edvel 3), no \u00e2mbito do programa nacional \u201cReduza a Pegada de Carbono da Sua Empresa\u201d.<\/p>\n<p>O pr\u00eamio reconhece os esfor\u00e7os realizados pela empresa para reduzir suas emiss\u00f5es de carbono em 2024 e 2025, certificando redu\u00e7\u00f5es efetivas e mensur\u00e1veis \u200b\u200bem suas opera\u00e7\u00f5es de reboque no pa\u00eds. O N\u00edvel 3 envolve a mensura\u00e7\u00e3o do invent\u00e1rio de emiss\u00f5es, bem como as a\u00e7\u00f5es espec\u00edficas tomadas para mitig\u00e1-las.<\/p>\n<p>\u201cEste reconhecimento destaca o nosso compromisso com a gest\u00e3o respons\u00e1vel das emiss\u00f5es de gases de efeito estufa e com o desenvolvimento de uma opera\u00e7\u00e3o cada vez mais sustent\u00e1vel. Nossas equipes est\u00e3o envolvidas na integra\u00e7\u00e3o da sustentabilidade em nossas opera\u00e7\u00f5es e na gera\u00e7\u00e3o de valor para o meio ambiente, para as comunidades locais e para os nossos clientes\u201d, disse Matia de Luiggi, Gerente de Cluster para a Am\u00e9rica Central da SAAM Towage.<\/p>\n<p>O executivo acrescentou: \u201cEstamos particularmente orgulhosos de fazer parte do esfor\u00e7o que o Panam\u00e1 est\u00e1 empreendendo, juntamente com muitas outras empresas, por meio desta iniciativa, que alcan\u00e7a novos progressos a cada ano.\u201d<\/p>\n<p>A iniciativa \u201c<em>Reduza a Pegada de Carbono da Sua Empresa<\/em>\u201d \u00e9 promovida pelo Minist\u00e9rio do Meio Ambiente com o apoio de organiza\u00e7\u00f5es internacionais como o PNUD e o BID. Ela busca mensurar, reduzir e compensar as emiss\u00f5es do setor privado panamenho para avan\u00e7ar rumo \u00e0 neutralidade de carbono.[\/vc_column_text][\/vc_column][\/vc_row]\n","protected":false},"excerpt":{"rendered":"<p>O Minist\u00e9rio do Meio Ambiente do Panam\u00e1 reconheceu a empresa e destacou a lideran\u00e7a operacional e o comprometimento de suas equipes.<\/p>\n","protected":false},"author":1,"featured_media":9092,"comment_status":"closed","ping_status":"closed","sticky":false,"template":"","format":"standard","meta":{"footnotes":""},"categories":[77,54],"tags":[],"class_list":["post-9096","post","type-post","status-publish","format-standard","has-post-thumbnail","category-corporativo-pt-br","category-panama-pt-br"],"_links":{"self":[{"href":"https:\/\/www.saamtowage.com\/panama\/wp-json\/wp\/v2\/posts\/9096","targetHints":{"allow":["GET"]}}],"collection":[{"href":"https:\/\/www.saamtowage.com\/panama\/wp-json\/wp\/v2\/posts"}],"about":[{"href":"https:\/\/www.saamtowage.com\/panama\/wp-json\/wp\/v2\/types\/post"}],"author":[{"embeddable":true,"href":"https:\/\/www.saamtowage.com\/panama\/wp-json\/wp\/v2\/users\/1"}],"replies":[{"embeddable":true,"href":"https:\/\/www.saamtowage.com\/panama\/wp-json\/wp\/v2\/comments?post=9096"}],"version-history":[{"count":3,"href":"https:\/\/www.saamtowage.com\/panama\/wp-json\/wp\/v2\/posts\/9096\/revisions"}],"predecessor-version":[{"id":9099,"href":"https:\/\/www.saamtowage.com\/panama\/wp-json\/wp\/v2\/posts\/9096\/revisions\/9099"}],"wp:featuredmedia":[{"embeddable":true,"href":"https:\/\/www.saamtowage.com\/panama\/wp-json\/wp\/v2\/media\/9092"}],"wp:attachment":[{"href":"https:\/\/www.saamtowage.com\/panama\/wp-json\/wp\/v2\/media?parent=9096"}],"wp:term":[{"taxonomy":"category","embeddable":true,"href":"https:\/\/www.saamtowage.com\/panama\/wp-json\/wp\/v2\/categories?post=9096"},{"taxonomy":"post_tag","embeddable":true,"href":"https:\/\/www.saamtowage.com\/panama\/wp-json\/wp\/v2\/tags?post=9096"}],"curies":[{"name":"wp","href":"https:\/\/api.w.org\/{rel}","templated":true}]}}