{"id":8957,"date":"2023-02-21T16:32:06","date_gmt":"2023-02-21T16:32:06","guid":{"rendered":"https:\/\/www.saamtowage.com\/uruguay\/blog\/2023\/02\/21\/saam-towage-uruguay-reinforces-operations-by-adding-portobelo-tug-to-fleet\/"},"modified":"2023-02-21T16:33:54","modified_gmt":"2023-02-21T16:33:54","slug":"a-saam-towage-uruguay-reforca-suas-operacoes-e-acrescenta-o-rebocador-portobelo-a-sua-frota","status":"publish","type":"post","link":"https:\/\/www.saamtowage.com\/uruguay\/blog\/2023\/02\/21\/a-saam-towage-uruguay-reforca-suas-operacoes-e-acrescenta-o-rebocador-portobelo-a-sua-frota\/?lang=pt-br","title":{"rendered":"A SAAM Towage Uruguay refor\u00e7a suas opera\u00e7\u00f5es e acrescenta o rebocador Portobelo \u00e0 sua frota"},"content":{"rendered":"[vc_row type=&#8221;in_container&#8221; full_screen_row_position=&#8221;middle&#8221; column_margin=&#8221;default&#8221; column_direction=&#8221;default&#8221; column_direction_tablet=&#8221;default&#8221; column_direction_phone=&#8221;default&#8221; scene_position=&#8221;center&#8221; text_color=&#8221;dark&#8221; text_align=&#8221;left&#8221; row_border_radius=&#8221;none&#8221; row_border_radius_applies=&#8221;bg&#8221; overflow=&#8221;visible&#8221; overlay_strength=&#8221;0.3&#8243; gradient_direction=&#8221;left_to_right&#8221; shape_divider_position=&#8221;bottom&#8221; bg_image_animation=&#8221;none&#8221;][vc_column column_padding=&#8221;no-extra-padding&#8221; column_padding_tablet=&#8221;inherit&#8221; column_padding_phone=&#8221;inherit&#8221; column_padding_position=&#8221;all&#8221; column_element_spacing=&#8221;default&#8221; background_color_opacity=&#8221;1&#8243; background_hover_color_opacity=&#8221;1&#8243; column_shadow=&#8221;none&#8221; column_border_radius=&#8221;none&#8221; column_link_target=&#8221;_self&#8221; column_position=&#8221;default&#8221; gradient_direction=&#8221;left_to_right&#8221; overlay_strength=&#8221;0.3&#8243; width=&#8221;1\/1&#8243; tablet_width_inherit=&#8221;default&#8221; tablet_text_alignment=&#8221;default&#8221; phone_text_alignment=&#8221;default&#8221; animation_type=&#8221;default&#8221; bg_image_animation=&#8221;none&#8221; border_type=&#8221;simple&#8221; column_border_width=&#8221;none&#8221; column_border_style=&#8221;solid&#8221;][vc_column_text]<!--more--><\/p>\n[\/vc_column_text][\/vc_column][\/vc_row][vc_row type=&#8221;in_container&#8221; full_screen_row_position=&#8221;middle&#8221; column_margin=&#8221;default&#8221; column_direction=&#8221;default&#8221; column_direction_tablet=&#8221;default&#8221; column_direction_phone=&#8221;default&#8221; scene_position=&#8221;center&#8221; text_color=&#8221;dark&#8221; text_align=&#8221;left&#8221; row_border_radius=&#8221;none&#8221; row_border_radius_applies=&#8221;bg&#8221; overflow=&#8221;visible&#8221; overlay_strength=&#8221;0.3&#8243; gradient_direction=&#8221;left_to_right&#8221; shape_divider_position=&#8221;bottom&#8221; bg_image_animation=&#8221;none&#8221;][vc_column column_padding=&#8221;no-extra-padding&#8221; column_padding_tablet=&#8221;inherit&#8221; column_padding_phone=&#8221;inherit&#8221; column_padding_position=&#8221;all&#8221; column_element_spacing=&#8221;default&#8221; background_color_opacity=&#8221;1&#8243; background_hover_color_opacity=&#8221;1&#8243; column_shadow=&#8221;none&#8221; column_border_radius=&#8221;none&#8221; column_link_target=&#8221;_self&#8221; column_position=&#8221;default&#8221; gradient_direction=&#8221;left_to_right&#8221; overlay_strength=&#8221;0.3&#8243; width=&#8221;1\/1&#8243; tablet_width_inherit=&#8221;default&#8221; tablet_text_alignment=&#8221;default&#8221; phone_text_alignment=&#8221;default&#8221; animation_type=&#8221;default&#8221; bg_image_animation=&#8221;none&#8221; border_type=&#8221;simple&#8221; column_border_width=&#8221;none&#8221; column_border_style=&#8221;solid&#8221;][vc_column_text]<strong>Montevid\u00e9u, 21 fevereiro de 2023.<\/strong> | J\u00e1 \u00a0se encontra em Montevid\u00e9u o rebocador Portobelo, procedente do Panam\u00e1, que vem refor\u00e7ar a opera\u00e7\u00e3o da SAAM Towage no Uruguai, pa\u00eds onde a companhia possui onze unidades.<\/p>\n<p>\u201cEsta embarca\u00e7\u00e3o \u00e9 a d\u00e9cima-segunda e \u00e9 a mais moderna da nossa frota. Isso permite continuar a crescer e oferecer um servi\u00e7o seguro e eficiente aos nossos clientes\u201d, disse Javiera Hevia, country manager da SAAM Towage Uruguai<\/p>\n<p>O Portobelo tem caracter\u00edsticas de alta manobrabilidade e pot\u00eancia. \u00c9 compacto, com 24 metros de comprimento e 11 metros de largura. Suas dimens\u00f5es se adaptam perfeitamente a pequenas baias. \u00c9 um Damen ASD 2411, azimutal, com capacidade de 70 toneladas de tra\u00e7\u00e3o a um ponto fixo e conta com equipamentos de seguran\u00e7a.<\/p>\n<p>Com mais de 190 rebocadores operando em 13 pa\u00edses, a SAAM Towage \u00e9 a maior operadora de servi\u00e7os de reboque da Am\u00e9rica.[\/vc_column_text][\/vc_column][\/vc_row]\n","protected":false},"excerpt":{"rendered":"<p>J\u00e1  se encontra em Montevid\u00e9u o rebocador Portobelo, procedente do Panam\u00e1, que vem refor\u00e7ar a opera\u00e7\u00e3o da SAAM Towage no Uruguai, pa\u00eds onde a companhia possui onze unidades.<\/p>\n","protected":false},"author":1,"featured_media":8952,"comment_status":"closed","ping_status":"closed","sticky":false,"template":"","format":"standard","meta":{"footnotes":""},"categories":[54],"tags":[],"class_list":{"0":"post-8957","1":"post","2":"type-post","3":"status-publish","4":"format-standard","5":"has-post-thumbnail","7":"category-uruguay-pt-br"},"_links":{"self":[{"href":"https:\/\/www.saamtowage.com\/uruguay\/wp-json\/wp\/v2\/posts\/8957","targetHints":{"allow":["GET"]}}],"collection":[{"href":"https:\/\/www.saamtowage.com\/uruguay\/wp-json\/wp\/v2\/posts"}],"about":[{"href":"https:\/\/www.saamtowage.com\/uruguay\/wp-json\/wp\/v2\/types\/post"}],"author":[{"embeddable":true,"href":"https:\/\/www.saamtowage.com\/uruguay\/wp-json\/wp\/v2\/users\/1"}],"replies":[{"embeddable":true,"href":"https:\/\/www.saamtowage.com\/uruguay\/wp-json\/wp\/v2\/comments?post=8957"}],"version-history":[{"count":1,"href":"https:\/\/www.saamtowage.com\/uruguay\/wp-json\/wp\/v2\/posts\/8957\/revisions"}],"predecessor-version":[{"id":8959,"href":"https:\/\/www.saamtowage.com\/uruguay\/wp-json\/wp\/v2\/posts\/8957\/revisions\/8959"}],"wp:featuredmedia":[{"embeddable":true,"href":"https:\/\/www.saamtowage.com\/uruguay\/wp-json\/wp\/v2\/media\/8952"}],"wp:attachment":[{"href":"https:\/\/www.saamtowage.com\/uruguay\/wp-json\/wp\/v2\/media?parent=8957"}],"wp:term":[{"taxonomy":"category","embeddable":true,"href":"https:\/\/www.saamtowage.com\/uruguay\/wp-json\/wp\/v2\/categories?post=8957"},{"taxonomy":"post_tag","embeddable":true,"href":"https:\/\/www.saamtowage.com\/uruguay\/wp-json\/wp\/v2\/tags?post=8957"}],"curies":[{"name":"wp","href":"https:\/\/api.w.org\/{rel}","templated":true}]}}